{"id":6575,"date":"2025-08-13T10:13:14","date_gmt":"2025-08-13T08:13:14","guid":{"rendered":"https:\/\/hoytlavt.no\/vestfold\/?p=6575"},"modified":"2025-08-13T13:29:26","modified_gmt":"2025-08-13T11:29:26","slug":"mer-klatring-mer-moro-hele-aret","status":"publish","type":"post","link":"https:\/\/hoytlavt.no\/vestfold\/mer-klatring-mer-moro-hele-aret\/","title":{"rendered":"Mer klatring, mer moro \u2013 hele \u00e5ret!"},"content":{"rendered":"\n<p>Hos H\u00f8yt &amp; Lavt Vestfold elsker vi eventyr \u2013 og n\u00e5 kan vi glede deg med enda mer klatring, hele \u00e5ret, uansett v\u00e6r! Med tre av v\u00e5re klatresentre som er nesten som en innend\u00f8rs klatrepark, <strong><a href=\"https:\/\/hoytundertaket.no\/skien\/\">H\u00f8yt Under Taket Skien<\/a><\/strong>, <strong><a href=\"https:\/\/hoytundertaket.no\/tonsberg\/\">H\u00f8yt Under Taket T\u00f8nsberg<\/a><\/strong>, og <a href=\"https:\/\/hoytundertaket.no\/moss\/\"><strong>H\u00f8yt Under Taket Moss<\/strong><\/a>, f\u00e5r du oppleve den samme gleden og mestringsf\u00f8lelsen som ute i parken, bare under tak. Her finner du mange klatrel\u00f8yper og via ferrata-inspirerte utfordringer. Ekte H\u00f8yt &amp; Lavt-stemning \u2013 bare t\u00f8rrere.<\/p>\n\n\n\n<figure class=\"wp-block-embed is-type-video is-provider-youtube wp-block-embed-youtube wp-embed-aspect-16-9 wp-has-aspect-ratio\"><div class=\"wp-block-embed__wrapper\">\n<iframe title=\"Spektakul\u00e6r FPV dronefilm fra H\u00f8yt Under Taket Moss \ud83d\ude80\ud83e\uddd7\u200d\u2642\ufe0f\" width=\"640\" height=\"360\" src=\"https:\/\/www.youtube.com\/embed\/NxROpCMdsLQ?feature=oembed&#038;enablejsapi=1&#038;origin=https:\/\/hoytlavt.no\" frameborder=\"0\" allow=\"accelerometer; autoplay; clipboard-write; encrypted-media; gyroscope; picture-in-picture; web-share\" referrerpolicy=\"strict-origin-when-cross-origin\" allowfullscreen><\/iframe>\n<\/div><\/figure>\n\n\n\n<hr class=\"wp-block-separator has-alpha-channel-opacity\"\/>\n\n\n\n<p><\/p>\n\n\n\n<h2 class=\"wp-block-heading\" id=\"h-tre-sentre-uendelige-muligheter\">Tre sentre \u2013 uendelige muligheter<\/h2>\n\n\n\n<p>B\u00e5de i Moss, Skien og T\u00f8nsberg venter et spennende univers av klatring p\u00e5 alle niv\u00e5er. Klatrel\u00f8ypene er bygget opp akkurat slik du kjenner dem fra H\u00f8yt &amp; Lavt. De har ulike vanskelighetsgrader og sikre l\u00f8sninger som gj\u00f8r at b\u00e5de barn og voksne kan klatre trygt. For deg som elsker klatrepark ute, vil de innend\u00f8rs l\u00f8ypene f\u00f8les b\u00e5de kjente og spennende. Perfekt for \u00e5 holde klatreformen ved like, eller pr\u00f8ve noe nytt i trygge omgivelser.<\/p>\n\n\n\n<figure class=\"wp-block-embed is-type-video is-provider-youtube wp-block-embed-youtube wp-embed-aspect-16-9 wp-has-aspect-ratio\"><div class=\"wp-block-embed__wrapper\">\n<iframe title=\"FPV dronefilm fra H\u00f8yt Under Taket Skien\ud83e\uddd7\u200d\u2642\ufe0f\" width=\"640\" height=\"360\" src=\"https:\/\/www.youtube.com\/embed\/-8mgehdmHyA?feature=oembed&#038;enablejsapi=1&#038;origin=https:\/\/hoytlavt.no\" frameborder=\"0\" allow=\"accelerometer; autoplay; clipboard-write; encrypted-media; gyroscope; picture-in-picture; web-share\" referrerpolicy=\"strict-origin-when-cross-origin\" allowfullscreen><\/iframe>\n<\/div><\/figure>\n\n\n\n<p>Men opplevelsen stopper ikke der \u2013 hos H\u00f8yt Under Taket kan du ogs\u00e5 teste <strong>buldring<\/strong>, der du klatrer lavere vegger uten tau, men med myke matter under deg. Pr\u00f8v <strong>autobelay-klatring<\/strong>, hvor et automatisk sikringssystem gj\u00f8r det enkelt \u00e5 klatre p\u00e5 egen h\u00e5nd. Opplev v\u00e5re fargerike og kreative <strong>funwalls<\/strong> \u2013 en spennende og leken form for klatring. Her kan veggene v\u00e6re utformet b\u00e5de som dyrefigurer og husfasader og som f\u00e5r frem smilet hos b\u00e5de sm\u00e5 og store. Eller g\u00e5 for klassisk <strong>tauklatring<\/strong>, der du og en partner jobber sammen for \u00e5 n\u00e5 toppen.<\/p>\n\n\n\n<p><a href=\"https:\/\/hoytundertaket.no\/automatisk-klatresenter-for-alle-nivaer-hoyt-under-taket\/\">Les mer om hva H\u00f8yt Under Taket er<\/a><\/p>\n\n\n\n<figure class=\"wp-block-image size-large\"><img decoding=\"async\" width=\"1024\" height=\"681\" src=\"https:\/\/hoytlavt.no\/vestfold\/wp-content\/uploads\/sites\/19\/Klatre-og-friluftscamp-klatring-HTL-01580-Foto_Kai-Otto_Melau-1024x681.jpg\" alt=\"\" class=\"wp-image-3589\" srcset=\"https:\/\/hoytlavt.no\/vestfold\/wp-content\/uploads\/sites\/19\/Klatre-og-friluftscamp-klatring-HTL-01580-Foto_Kai-Otto_Melau-1024x681.jpg 1024w, https:\/\/hoytlavt.no\/vestfold\/wp-content\/uploads\/sites\/19\/Klatre-og-friluftscamp-klatring-HTL-01580-Foto_Kai-Otto_Melau-300x199.jpg 300w, https:\/\/hoytlavt.no\/vestfold\/wp-content\/uploads\/sites\/19\/Klatre-og-friluftscamp-klatring-HTL-01580-Foto_Kai-Otto_Melau-768x511.jpg 768w, https:\/\/hoytlavt.no\/vestfold\/wp-content\/uploads\/sites\/19\/Klatre-og-friluftscamp-klatring-HTL-01580-Foto_Kai-Otto_Melau.jpg 1080w\" sizes=\"(max-width: 1024px) 100vw, 1024px\" \/><\/figure>\n\n\n\n<hr class=\"wp-block-separator has-alpha-channel-opacity\"\/>\n\n\n\n<h2 class=\"wp-block-heading\" id=\"h-moro-for-hele-familien-ogsa-de-minste\">Moro for hele familien \u2013 ogs\u00e5 de minste<\/h2>\n\n\n\n<p>Hos H\u00f8yt Under Taket er det plass til alle. Vi har egne omr\u00e5der for de aller minste, der barna kan utforske og leke seg gjennom tilpassede klatreelementer. Samtidig kan de eldre barna og de voksne teste seg p\u00e5 h\u00f8yere og mer utfordrende l\u00f8yper, pr\u00f8ve buldring eller konkurrere p\u00e5 funwalls. Dette gj\u00f8r H\u00f8yt Under Taket til et ideelt utfluktsm\u00e5l for familier som \u00f8nsker en felles aktivitet hvor alle kan v\u00e6re med, uansett alder og ferdighetsniv\u00e5. Som en innend\u00f8rs klatrepark i H\u00f8yt &amp; Lavt stil &#8211; bare med mer innhold!<\/p>\n\n\n\n<hr class=\"wp-block-separator has-alpha-channel-opacity\"\/>\n\n\n\n<figure class=\"wp-block-embed is-type-video is-provider-youtube wp-block-embed-youtube wp-embed-aspect-16-9 wp-has-aspect-ratio\"><div class=\"wp-block-embed__wrapper\">\n<iframe title=\"H\u00f8yt Under Taket T\u00f8nsberg - Klatresenter for alle!\" width=\"640\" height=\"360\" src=\"https:\/\/www.youtube.com\/embed\/tqnc6yTAGjQ?feature=oembed&#038;enablejsapi=1&#038;origin=https:\/\/hoytlavt.no\" frameborder=\"0\" allow=\"accelerometer; autoplay; clipboard-write; encrypted-media; gyroscope; picture-in-picture; web-share\" referrerpolicy=\"strict-origin-when-cross-origin\" allowfullscreen><\/iframe>\n<\/div><\/figure>\n\n\n\n<h2 class=\"wp-block-heading\" id=\"h-eventyrstemning-uten-vaerforbehold\">Eventyrstemning \u2013 uten v\u00e6rforbehold<\/h2>\n\n\n\n<p>Enten det regner, sn\u00f8r eller bl\u00e5ser ute, st\u00e5r eventyret klart hos H\u00f8yt Under Taket. Kombinasjonen av ekte klatreglede, varierte aktiviteter og trygge rammer gj\u00f8r at du kan oppleve mestring, lek og fellesskap n\u00e5r som helst p\u00e5 \u00e5ret. S\u00e5 neste gang du vil ha en aktiv dag med familien, ta turen til Moss, Skien eller T\u00f8nsberg \u2013 eventyret venter p\u00e5 deg!<\/p>\n\n\n\n<p><\/p>\n","protected":false},"excerpt":{"rendered":"<p>H\u00f8yt Under Taket er Ekte H\u00f8yt &#038; Lavt-stemning \u2013 bare t\u00f8rrere.<\/p>\n","protected":false},"author":25,"featured_media":6565,"comment_status":"open","ping_status":"open","sticky":false,"template":"","format":"standard","meta":{"_acf_changed":false,"inline_featured_image":false,"footnotes":""},"categories":[9,1],"tags":[],"class_list":["post-6575","post","type-post","status-publish","format-standard","has-post-thumbnail","hentry","category-blogg","category-ukategorisert"],"acf":[],"yoast_head":"<!-- This site is optimized with the Yoast SEO Premium plugin v26.8 (Yoast SEO v27.4) - https:\/\/yoast.com\/product\/yoast-seo-premium-wordpress\/ -->\n<title>Innend\u00f8rs klatrepark \u2013 klatreeventyr for hele familien<\/title>\n<meta name=\"description\" content=\"Bes\u00f8k innend\u00f8rs klatrepark i Moss, Skien og T\u00f8nsberg \u2013 via ferrata, buldring, tauklatring og funwalls for hele familien, hele \u00e5ret.\" \/>\n<meta name=\"robots\" content=\"index, follow, max-snippet:-1, max-image-preview:large, max-video-preview:-1\" \/>\n<link rel=\"canonical\" href=\"https:\/\/hoytlavt.no\/vestfold\/mer-klatring-mer-moro-hele-aret\/\" \/>\n<meta property=\"og:locale\" content=\"nb_NO\" \/>\n<meta property=\"og:type\" content=\"article\" \/>\n<meta property=\"og:title\" content=\"Mer klatring, mer moro \u2013 hele \u00e5ret!\" \/>\n<meta property=\"og:description\" content=\"Bes\u00f8k innend\u00f8rs klatrepark i Moss, Skien og T\u00f8nsberg \u2013 via ferrata, buldring, tauklatring og funwalls for hele familien, hele \u00e5ret.\" \/>\n<meta property=\"og:url\" content=\"https:\/\/hoytlavt.no\/vestfold\/mer-klatring-mer-moro-hele-aret\/\" \/>\n<meta property=\"og:site_name\" content=\"H\u00f8yt &amp; Lavt Vestfold\" \/>\n<meta property=\"article:publisher\" content=\"https:\/\/www.facebook.com\/hoytoglavt\/\" \/>\n<meta property=\"article:published_time\" content=\"2025-08-13T08:13:14+00:00\" \/>\n<meta property=\"article:modified_time\" content=\"2025-08-13T11:29:26+00:00\" \/>\n<meta property=\"og:image\" content=\"https:\/\/hoytlavt.no\/vestfold\/wp-content\/uploads\/sites\/19\/Letohallen_apningsdag_HTL_04058_Foto_Bjorn_Helge_Ronning.jpg\" \/>\n\t<meta property=\"og:image:width\" content=\"1920\" \/>\n\t<meta property=\"og:image:height\" content=\"1281\" \/>\n\t<meta property=\"og:image:type\" content=\"image\/jpeg\" \/>\n<meta name=\"author\" content=\"olavtarjei\" \/>\n<meta name=\"twitter:card\" content=\"summary_large_image\" \/>\n<meta name=\"twitter:label1\" content=\"Skrevet av\" \/>\n\t<meta name=\"twitter:data1\" content=\"olavtarjei\" \/>\n\t<meta name=\"twitter:label2\" content=\"Ansl. lesetid\" \/>\n\t<meta name=\"twitter:data2\" content=\"3 minutter\" \/>\n<script type=\"application\/ld+json\" class=\"yoast-schema-graph\">{\"@context\":\"https:\\\/\\\/schema.org\",\"@graph\":[{\"@type\":\"Article\",\"@id\":\"https:\\\/\\\/hoytlavt.no\\\/vestfold\\\/mer-klatring-mer-moro-hele-aret\\\/#article\",\"isPartOf\":{\"@id\":\"https:\\\/\\\/hoytlavt.no\\\/vestfold\\\/mer-klatring-mer-moro-hele-aret\\\/\"},\"author\":{\"name\":\"olavtarjei\",\"@id\":\"https:\\\/\\\/hoytlavt.no\\\/vestfold\\\/#\\\/schema\\\/person\\\/6198efaca31544483087e2c5f6e9254a\"},\"headline\":\"Mer klatring, mer moro \u2013 hele \u00e5ret!\",\"datePublished\":\"2025-08-13T08:13:14+00:00\",\"dateModified\":\"2025-08-13T11:29:26+00:00\",\"mainEntityOfPage\":{\"@id\":\"https:\\\/\\\/hoytlavt.no\\\/vestfold\\\/mer-klatring-mer-moro-hele-aret\\\/\"},\"wordCount\":491,\"commentCount\":0,\"publisher\":{\"@id\":\"https:\\\/\\\/hoytlavt.no\\\/vestfold\\\/#organization\"},\"image\":{\"@id\":\"https:\\\/\\\/hoytlavt.no\\\/vestfold\\\/mer-klatring-mer-moro-hele-aret\\\/#primaryimage\"},\"thumbnailUrl\":\"https:\\\/\\\/hoytlavt.no\\\/vestfold\\\/wp-content\\\/uploads\\\/sites\\\/19\\\/Letohallen_apningsdag_HTL_04058_Foto_Bjorn_Helge_Ronning.jpg\",\"articleSection\":[\"Blogg\"],\"inLanguage\":\"nb-NO\",\"potentialAction\":[{\"@type\":\"CommentAction\",\"name\":\"Comment\",\"target\":[\"https:\\\/\\\/hoytlavt.no\\\/vestfold\\\/mer-klatring-mer-moro-hele-aret\\\/#respond\"]}]},{\"@type\":\"WebPage\",\"@id\":\"https:\\\/\\\/hoytlavt.no\\\/vestfold\\\/mer-klatring-mer-moro-hele-aret\\\/\",\"url\":\"https:\\\/\\\/hoytlavt.no\\\/vestfold\\\/mer-klatring-mer-moro-hele-aret\\\/\",\"name\":\"Innend\u00f8rs klatrepark \u2013 klatreeventyr for hele familien\",\"isPartOf\":{\"@id\":\"https:\\\/\\\/hoytlavt.no\\\/vestfold\\\/#website\"},\"primaryImageOfPage\":{\"@id\":\"https:\\\/\\\/hoytlavt.no\\\/vestfold\\\/mer-klatring-mer-moro-hele-aret\\\/#primaryimage\"},\"image\":{\"@id\":\"https:\\\/\\\/hoytlavt.no\\\/vestfold\\\/mer-klatring-mer-moro-hele-aret\\\/#primaryimage\"},\"thumbnailUrl\":\"https:\\\/\\\/hoytlavt.no\\\/vestfold\\\/wp-content\\\/uploads\\\/sites\\\/19\\\/Letohallen_apningsdag_HTL_04058_Foto_Bjorn_Helge_Ronning.jpg\",\"datePublished\":\"2025-08-13T08:13:14+00:00\",\"dateModified\":\"2025-08-13T11:29:26+00:00\",\"description\":\"Bes\u00f8k innend\u00f8rs klatrepark i Moss, Skien og T\u00f8nsberg \u2013 via ferrata, buldring, tauklatring og funwalls for hele familien, hele \u00e5ret.\",\"breadcrumb\":{\"@id\":\"https:\\\/\\\/hoytlavt.no\\\/vestfold\\\/mer-klatring-mer-moro-hele-aret\\\/#breadcrumb\"},\"inLanguage\":\"nb-NO\",\"potentialAction\":[{\"@type\":\"ReadAction\",\"target\":[\"https:\\\/\\\/hoytlavt.no\\\/vestfold\\\/mer-klatring-mer-moro-hele-aret\\\/\"]}]},{\"@type\":\"ImageObject\",\"inLanguage\":\"nb-NO\",\"@id\":\"https:\\\/\\\/hoytlavt.no\\\/vestfold\\\/mer-klatring-mer-moro-hele-aret\\\/#primaryimage\",\"url\":\"https:\\\/\\\/hoytlavt.no\\\/vestfold\\\/wp-content\\\/uploads\\\/sites\\\/19\\\/Letohallen_apningsdag_HTL_04058_Foto_Bjorn_Helge_Ronning.jpg\",\"contentUrl\":\"https:\\\/\\\/hoytlavt.no\\\/vestfold\\\/wp-content\\\/uploads\\\/sites\\\/19\\\/Letohallen_apningsdag_HTL_04058_Foto_Bjorn_Helge_Ronning.jpg\",\"width\":1920,\"height\":1281,\"caption\":\"Full konsentrasjon og ekte klatreglede hos H\u00f8yt Under Taket \u2013 her f\u00e5r barna utfordre seg i trygge og morsomme omgivelser!\"},{\"@type\":\"BreadcrumbList\",\"@id\":\"https:\\\/\\\/hoytlavt.no\\\/vestfold\\\/mer-klatring-mer-moro-hele-aret\\\/#breadcrumb\",\"itemListElement\":[{\"@type\":\"ListItem\",\"position\":1,\"name\":\"Hjem\",\"item\":\"https:\\\/\\\/hoytlavt.no\\\/vestfold\\\/\"},{\"@type\":\"ListItem\",\"position\":2,\"name\":\"Mer klatring, mer moro \u2013 hele \u00e5ret!\"}]},{\"@type\":\"WebSite\",\"@id\":\"https:\\\/\\\/hoytlavt.no\\\/vestfold\\\/#website\",\"url\":\"https:\\\/\\\/hoytlavt.no\\\/vestfold\\\/\",\"name\":\"H\u00f8yt &amp; Lavt Vestfold\",\"description\":\"Skandinavias st\u00f8rste klatrepark\",\"publisher\":{\"@id\":\"https:\\\/\\\/hoytlavt.no\\\/vestfold\\\/#organization\"},\"potentialAction\":[{\"@type\":\"SearchAction\",\"target\":{\"@type\":\"EntryPoint\",\"urlTemplate\":\"https:\\\/\\\/hoytlavt.no\\\/vestfold\\\/?s={search_term_string}\"},\"query-input\":{\"@type\":\"PropertyValueSpecification\",\"valueRequired\":true,\"valueName\":\"search_term_string\"}}],\"inLanguage\":\"nb-NO\"},{\"@type\":\"Organization\",\"@id\":\"https:\\\/\\\/hoytlavt.no\\\/vestfold\\\/#organization\",\"name\":\"H\u00f8yt &amp; Lavt Vestfold\",\"url\":\"https:\\\/\\\/hoytlavt.no\\\/vestfold\\\/\",\"logo\":{\"@type\":\"ImageObject\",\"inLanguage\":\"nb-NO\",\"@id\":\"https:\\\/\\\/hoytlavt.no\\\/vestfold\\\/#\\\/schema\\\/logo\\\/image\\\/\",\"url\":\"https:\\\/\\\/hoytlavt.no\\\/vestfold\\\/wp-content\\\/uploads\\\/sites\\\/19\\\/image-7.svg\",\"contentUrl\":\"https:\\\/\\\/hoytlavt.no\\\/vestfold\\\/wp-content\\\/uploads\\\/sites\\\/19\\\/image-7.svg\",\"caption\":\"H\u00f8yt &amp; Lavt Vestfold\"},\"image\":{\"@id\":\"https:\\\/\\\/hoytlavt.no\\\/vestfold\\\/#\\\/schema\\\/logo\\\/image\\\/\"},\"sameAs\":[\"https:\\\/\\\/www.facebook.com\\\/hoytoglavt\\\/\",\"https:\\\/\\\/www.instagram.com\\\/hoytoglavt\\\/\",\"https:\\\/\\\/www.linkedin.com\\\/company\\\/h\u00f8yt-og-lavt-aktivitetspark-as\\\/\"]},{\"@type\":\"Person\",\"@id\":\"https:\\\/\\\/hoytlavt.no\\\/vestfold\\\/#\\\/schema\\\/person\\\/6198efaca31544483087e2c5f6e9254a\",\"name\":\"olavtarjei\",\"image\":{\"@type\":\"ImageObject\",\"inLanguage\":\"nb-NO\",\"@id\":\"https:\\\/\\\/secure.gravatar.com\\\/avatar\\\/1dc190c20e75b9005d5a52d62ce9a845f7fb9470c5297fe9f976fc3a7576a410?s=96&d=mm&r=g\",\"url\":\"https:\\\/\\\/secure.gravatar.com\\\/avatar\\\/1dc190c20e75b9005d5a52d62ce9a845f7fb9470c5297fe9f976fc3a7576a410?s=96&d=mm&r=g\",\"contentUrl\":\"https:\\\/\\\/secure.gravatar.com\\\/avatar\\\/1dc190c20e75b9005d5a52d62ce9a845f7fb9470c5297fe9f976fc3a7576a410?s=96&d=mm&r=g\",\"caption\":\"olavtarjei\"},\"url\":\"https:\\\/\\\/hoytlavt.no\\\/vestfold\\\/author\\\/olavtarjei\\\/\"}]}<\/script>\n<!-- \/ Yoast SEO Premium plugin. -->","yoast_head_json":{"title":"Innend\u00f8rs klatrepark \u2013 klatreeventyr for hele familien","description":"Bes\u00f8k innend\u00f8rs klatrepark i Moss, Skien og T\u00f8nsberg \u2013 via ferrata, buldring, tauklatring og funwalls for hele familien, hele \u00e5ret.","robots":{"index":"index","follow":"follow","max-snippet":"max-snippet:-1","max-image-preview":"max-image-preview:large","max-video-preview":"max-video-preview:-1"},"canonical":"https:\/\/hoytlavt.no\/vestfold\/mer-klatring-mer-moro-hele-aret\/","og_locale":"nb_NO","og_type":"article","og_title":"Mer klatring, mer moro \u2013 hele \u00e5ret!","og_description":"Bes\u00f8k innend\u00f8rs klatrepark i Moss, Skien og T\u00f8nsberg \u2013 via ferrata, buldring, tauklatring og funwalls for hele familien, hele \u00e5ret.","og_url":"https:\/\/hoytlavt.no\/vestfold\/mer-klatring-mer-moro-hele-aret\/","og_site_name":"H\u00f8yt &amp; Lavt Vestfold","article_publisher":"https:\/\/www.facebook.com\/hoytoglavt\/","article_published_time":"2025-08-13T08:13:14+00:00","article_modified_time":"2025-08-13T11:29:26+00:00","og_image":[{"width":1920,"height":1281,"url":"https:\/\/hoytlavt.no\/vestfold\/wp-content\/uploads\/sites\/19\/Letohallen_apningsdag_HTL_04058_Foto_Bjorn_Helge_Ronning.jpg","type":"image\/jpeg"}],"author":"olavtarjei","twitter_card":"summary_large_image","twitter_misc":{"Skrevet av":"olavtarjei","Ansl. lesetid":"3 minutter"},"schema":{"@context":"https:\/\/schema.org","@graph":[{"@type":"Article","@id":"https:\/\/hoytlavt.no\/vestfold\/mer-klatring-mer-moro-hele-aret\/#article","isPartOf":{"@id":"https:\/\/hoytlavt.no\/vestfold\/mer-klatring-mer-moro-hele-aret\/"},"author":{"name":"olavtarjei","@id":"https:\/\/hoytlavt.no\/vestfold\/#\/schema\/person\/6198efaca31544483087e2c5f6e9254a"},"headline":"Mer klatring, mer moro \u2013 hele \u00e5ret!","datePublished":"2025-08-13T08:13:14+00:00","dateModified":"2025-08-13T11:29:26+00:00","mainEntityOfPage":{"@id":"https:\/\/hoytlavt.no\/vestfold\/mer-klatring-mer-moro-hele-aret\/"},"wordCount":491,"commentCount":0,"publisher":{"@id":"https:\/\/hoytlavt.no\/vestfold\/#organization"},"image":{"@id":"https:\/\/hoytlavt.no\/vestfold\/mer-klatring-mer-moro-hele-aret\/#primaryimage"},"thumbnailUrl":"https:\/\/hoytlavt.no\/vestfold\/wp-content\/uploads\/sites\/19\/Letohallen_apningsdag_HTL_04058_Foto_Bjorn_Helge_Ronning.jpg","articleSection":["Blogg"],"inLanguage":"nb-NO","potentialAction":[{"@type":"CommentAction","name":"Comment","target":["https:\/\/hoytlavt.no\/vestfold\/mer-klatring-mer-moro-hele-aret\/#respond"]}]},{"@type":"WebPage","@id":"https:\/\/hoytlavt.no\/vestfold\/mer-klatring-mer-moro-hele-aret\/","url":"https:\/\/hoytlavt.no\/vestfold\/mer-klatring-mer-moro-hele-aret\/","name":"Innend\u00f8rs klatrepark \u2013 klatreeventyr for hele familien","isPartOf":{"@id":"https:\/\/hoytlavt.no\/vestfold\/#website"},"primaryImageOfPage":{"@id":"https:\/\/hoytlavt.no\/vestfold\/mer-klatring-mer-moro-hele-aret\/#primaryimage"},"image":{"@id":"https:\/\/hoytlavt.no\/vestfold\/mer-klatring-mer-moro-hele-aret\/#primaryimage"},"thumbnailUrl":"https:\/\/hoytlavt.no\/vestfold\/wp-content\/uploads\/sites\/19\/Letohallen_apningsdag_HTL_04058_Foto_Bjorn_Helge_Ronning.jpg","datePublished":"2025-08-13T08:13:14+00:00","dateModified":"2025-08-13T11:29:26+00:00","description":"Bes\u00f8k innend\u00f8rs klatrepark i Moss, Skien og T\u00f8nsberg \u2013 via ferrata, buldring, tauklatring og funwalls for hele familien, hele \u00e5ret.","breadcrumb":{"@id":"https:\/\/hoytlavt.no\/vestfold\/mer-klatring-mer-moro-hele-aret\/#breadcrumb"},"inLanguage":"nb-NO","potentialAction":[{"@type":"ReadAction","target":["https:\/\/hoytlavt.no\/vestfold\/mer-klatring-mer-moro-hele-aret\/"]}]},{"@type":"ImageObject","inLanguage":"nb-NO","@id":"https:\/\/hoytlavt.no\/vestfold\/mer-klatring-mer-moro-hele-aret\/#primaryimage","url":"https:\/\/hoytlavt.no\/vestfold\/wp-content\/uploads\/sites\/19\/Letohallen_apningsdag_HTL_04058_Foto_Bjorn_Helge_Ronning.jpg","contentUrl":"https:\/\/hoytlavt.no\/vestfold\/wp-content\/uploads\/sites\/19\/Letohallen_apningsdag_HTL_04058_Foto_Bjorn_Helge_Ronning.jpg","width":1920,"height":1281,"caption":"Full konsentrasjon og ekte klatreglede hos H\u00f8yt Under Taket \u2013 her f\u00e5r barna utfordre seg i trygge og morsomme omgivelser!"},{"@type":"BreadcrumbList","@id":"https:\/\/hoytlavt.no\/vestfold\/mer-klatring-mer-moro-hele-aret\/#breadcrumb","itemListElement":[{"@type":"ListItem","position":1,"name":"Hjem","item":"https:\/\/hoytlavt.no\/vestfold\/"},{"@type":"ListItem","position":2,"name":"Mer klatring, mer moro \u2013 hele \u00e5ret!"}]},{"@type":"WebSite","@id":"https:\/\/hoytlavt.no\/vestfold\/#website","url":"https:\/\/hoytlavt.no\/vestfold\/","name":"H\u00f8yt &amp; Lavt Vestfold","description":"Skandinavias st\u00f8rste klatrepark","publisher":{"@id":"https:\/\/hoytlavt.no\/vestfold\/#organization"},"potentialAction":[{"@type":"SearchAction","target":{"@type":"EntryPoint","urlTemplate":"https:\/\/hoytlavt.no\/vestfold\/?s={search_term_string}"},"query-input":{"@type":"PropertyValueSpecification","valueRequired":true,"valueName":"search_term_string"}}],"inLanguage":"nb-NO"},{"@type":"Organization","@id":"https:\/\/hoytlavt.no\/vestfold\/#organization","name":"H\u00f8yt &amp; Lavt Vestfold","url":"https:\/\/hoytlavt.no\/vestfold\/","logo":{"@type":"ImageObject","inLanguage":"nb-NO","@id":"https:\/\/hoytlavt.no\/vestfold\/#\/schema\/logo\/image\/","url":"https:\/\/hoytlavt.no\/vestfold\/wp-content\/uploads\/sites\/19\/image-7.svg","contentUrl":"https:\/\/hoytlavt.no\/vestfold\/wp-content\/uploads\/sites\/19\/image-7.svg","caption":"H\u00f8yt &amp; Lavt Vestfold"},"image":{"@id":"https:\/\/hoytlavt.no\/vestfold\/#\/schema\/logo\/image\/"},"sameAs":["https:\/\/www.facebook.com\/hoytoglavt\/","https:\/\/www.instagram.com\/hoytoglavt\/","https:\/\/www.linkedin.com\/company\/h\u00f8yt-og-lavt-aktivitetspark-as\/"]},{"@type":"Person","@id":"https:\/\/hoytlavt.no\/vestfold\/#\/schema\/person\/6198efaca31544483087e2c5f6e9254a","name":"olavtarjei","image":{"@type":"ImageObject","inLanguage":"nb-NO","@id":"https:\/\/secure.gravatar.com\/avatar\/1dc190c20e75b9005d5a52d62ce9a845f7fb9470c5297fe9f976fc3a7576a410?s=96&d=mm&r=g","url":"https:\/\/secure.gravatar.com\/avatar\/1dc190c20e75b9005d5a52d62ce9a845f7fb9470c5297fe9f976fc3a7576a410?s=96&d=mm&r=g","contentUrl":"https:\/\/secure.gravatar.com\/avatar\/1dc190c20e75b9005d5a52d62ce9a845f7fb9470c5297fe9f976fc3a7576a410?s=96&d=mm&r=g","caption":"olavtarjei"},"url":"https:\/\/hoytlavt.no\/vestfold\/author\/olavtarjei\/"}]}},"_links":{"self":[{"href":"https:\/\/hoytlavt.no\/vestfold\/wp-json\/wp\/v2\/posts\/6575","targetHints":{"allow":["GET"]}}],"collection":[{"href":"https:\/\/hoytlavt.no\/vestfold\/wp-json\/wp\/v2\/posts"}],"about":[{"href":"https:\/\/hoytlavt.no\/vestfold\/wp-json\/wp\/v2\/types\/post"}],"author":[{"embeddable":true,"href":"https:\/\/hoytlavt.no\/vestfold\/wp-json\/wp\/v2\/users\/25"}],"replies":[{"embeddable":true,"href":"https:\/\/hoytlavt.no\/vestfold\/wp-json\/wp\/v2\/comments?post=6575"}],"version-history":[{"count":3,"href":"https:\/\/hoytlavt.no\/vestfold\/wp-json\/wp\/v2\/posts\/6575\/revisions"}],"predecessor-version":[{"id":6579,"href":"https:\/\/hoytlavt.no\/vestfold\/wp-json\/wp\/v2\/posts\/6575\/revisions\/6579"}],"wp:featuredmedia":[{"embeddable":true,"href":"https:\/\/hoytlavt.no\/vestfold\/wp-json\/wp\/v2\/media\/6565"}],"wp:attachment":[{"href":"https:\/\/hoytlavt.no\/vestfold\/wp-json\/wp\/v2\/media?parent=6575"}],"wp:term":[{"taxonomy":"category","embeddable":true,"href":"https:\/\/hoytlavt.no\/vestfold\/wp-json\/wp\/v2\/categories?post=6575"},{"taxonomy":"post_tag","embeddable":true,"href":"https:\/\/hoytlavt.no\/vestfold\/wp-json\/wp\/v2\/tags?post=6575"}],"curies":[{"name":"wp","href":"https:\/\/api.w.org\/{rel}","templated":true}]}}