{"id":6405,"date":"2025-05-08T10:40:59","date_gmt":"2025-05-08T08:40:59","guid":{"rendered":"https:\/\/hoytlavt.no\/vestfold\/?p=6405"},"modified":"2025-05-13T15:55:49","modified_gmt":"2025-05-13T13:55:49","slug":"feiring-av-friluftslivets-ar-24-mai","status":"publish","type":"post","link":"https:\/\/hoytlavt.no\/vestfold\/feiring-av-friluftslivets-ar-24-mai\/","title":{"rendered":"Feiring av Friluftslivets \u00e5r 24. mai!"},"content":{"rendered":"\n<p>Friluftslivets \u00e5r 2025 feires i Kj\u00e6rra Fossepark og H\u00f8yt &amp; Lavt Vestfold \u2013 bli med!<\/p>\n\n\n\n<p><strong>Tidspunkt: L\u00f8rdag 24. mai kl. 10.00<br>Sted: Kj\u00e6rra Fossepark og H\u00f8yt &amp; Lavt Vestfold<\/strong><br><strong><a href=\"https:\/\/fb.me\/e\/37oYAUO0t\">Arrangement<\/a><\/strong><\/p>\n\n\n\n<p>Norge markerer <strong><a href=\"https:\/\/friluftslivetsar.no\/\">Friluftslivets \u00e5r 2025<\/a><\/strong> \u2013 et nasjonalt l\u00f8ft for \u00e5 f\u00e5 flere ut i naturen og styrke gleden ved \u00e5 v\u00e6re ute. M\u00e5let er \u00e5 senke terskelen for friluftsliv, og inspirere b\u00e5de erfarne og nye naturelskere til \u00e5 utforske det n\u00e6re og det ville.<\/p>\n\n\n\n<p>Denne feiringen vil vi ogs\u00e5 holde i <strong><a href=\"https:\/\/www.xn--kjrra-tra.no\/\">Kj\u00e6rra Fossepark<\/a> og H\u00f8yt &amp; Lavt Vestfold<\/strong> den 24. mai! Fra kl. 10.00 inviteres du til en aktiv og sosial dag fylt med friluftsopplevelser i vakker natur, for b\u00e5de sm\u00e5 og store.<\/p>\n\n\n\n<p><strong>Hva kan du oppleve?<\/strong><br>I tillegg til klatring i de popul\u00e6re klatrel\u00f8ypene hos H\u00f8yt &amp; Lavt, fylles omr\u00e5det med spennende aktiviteter levert av lokale foreninger og akt\u00f8rer som brenner for friluftsliv:<\/p>\n\n\n\n<ul class=\"wp-block-list\">\n<li><strong>Larvik og Omegn Turistforening<\/strong><\/li>\n\n\n\n<li><strong>Gea Norvegica Geopark<\/strong><\/li>\n\n\n\n<li><strong>Svarstad IL<\/strong><\/li>\n\n\n\n<li><strong>Lardal Orienteringslag<\/strong><\/li>\n\n\n\n<li><strong>Lardal Jeger og Fisk<\/strong><\/li>\n\n\n\n<li><strong>Lardal Skogeierlag<\/strong><\/li>\n\n\n\n<li><strong>Vindfjellsamarbeidet<\/strong><\/li>\n<\/ul>\n\n\n\n<p><strong>Ekstra g\u00f8y:<\/strong> Medlemmer i DNT eller de medvirkende foreningene f\u00e5r <strong>50 % rabatt p\u00e5 klatring<\/strong> i parken denne dagen!<\/p>\n\n\n\n<p>Enten du er en fjellrev eller en f\u00f8rstegangsbes\u00f8kende, \u00f8nsker vi \u00e5 skape en inkluderende, morsom og inspirerende dag hvor alle f\u00e5r pr\u00f8ve noe nytt \u2013 eller gjenoppdage gleden ved \u00e5 v\u00e6re ute.<\/p>\n\n\n\n<p><strong>Friluftslivets \u00e5r 2025<\/strong> handler om \u00e5 senke skuldrene, puste inn frisk luft og kjenne p\u00e5 fellesskapet i naturen. Og hva passer vel bedre enn \u00e5 gj\u00f8re det sammen \u2013 langs L\u00e5gens bredder?<\/p>\n\n\n\n<hr class=\"wp-block-separator has-alpha-channel-opacity\"\/>\n\n\n\n<p>\ud83d\udcc5 <strong>Hold av datoen:<\/strong> <strong>L\u00f8rdag 24. mai kl. 10.00<\/strong><br>\ud83d\udccd <strong>Sted:<\/strong> Kj\u00e6rra Fossepark og H\u00f8yt &amp; Lavt Vestfold<br>\ud83c\udf9f\ufe0f <strong>Rabatt:<\/strong> 50 % p\u00e5 klatring for medlemmer i DNT eller deltakende foreninger<\/p>\n\n\n\n<p><strong>Velkommen til en uforglemmelig dag i friluftslivets tegn!<\/strong><\/p>\n","protected":false},"excerpt":{"rendered":"<p>Friluftslivets \u00e5r 2025 feires i Kj\u00e6rra Fossepark og H\u00f8yt &amp; Lavt Vestfold \u2013 bli med! [&hellip;]<\/p>\n","protected":false},"author":25,"featured_media":6406,"comment_status":"open","ping_status":"open","sticky":false,"template":"","format":"standard","meta":{"_acf_changed":false,"inline_featured_image":false,"footnotes":""},"categories":[9,1],"tags":[],"class_list":["post-6405","post","type-post","status-publish","format-standard","has-post-thumbnail","hentry","category-blogg","category-ukategorisert"],"acf":[],"yoast_head":"<!-- This site is optimized with the Yoast SEO Premium plugin v26.8 (Yoast SEO v27.4) - https:\/\/yoast.com\/product\/yoast-seo-premium-wordpress\/ -->\n<title>Friluftslivets \u00e5r 2025: Aktivitetsdag i Kj\u00e6rra og H\u00f8yt &amp; Lavt<\/title>\n<meta name=\"description\" content=\"Feire Friluftslivets \u00e5r 2025 i Kj\u00e6rra Fossepark og H\u00f8yt &amp; Lavt Vestfold 24. mai! Bli med p\u00e5 en dag med klatring og aktiviteter og moro for hele familien.\" \/>\n<meta name=\"robots\" content=\"index, follow, max-snippet:-1, max-image-preview:large, max-video-preview:-1\" \/>\n<link rel=\"canonical\" href=\"https:\/\/hoytlavt.no\/vestfold\/feiring-av-friluftslivets-ar-24-mai\/\" \/>\n<meta property=\"og:locale\" content=\"nb_NO\" \/>\n<meta property=\"og:type\" content=\"article\" \/>\n<meta property=\"og:title\" content=\"Feiring av Friluftslivets \u00e5r 24. mai!\" \/>\n<meta property=\"og:description\" content=\"Feire Friluftslivets \u00e5r 2025 i Kj\u00e6rra Fossepark og H\u00f8yt &amp; Lavt Vestfold 24. mai! Bli med p\u00e5 en dag med klatring og aktiviteter og moro for hele familien.\" \/>\n<meta property=\"og:url\" content=\"https:\/\/hoytlavt.no\/vestfold\/feiring-av-friluftslivets-ar-24-mai\/\" \/>\n<meta property=\"og:site_name\" content=\"H\u00f8yt &amp; Lavt Vestfold\" \/>\n<meta property=\"article:publisher\" content=\"https:\/\/www.facebook.com\/hoytoglavt\/\" \/>\n<meta property=\"article:published_time\" content=\"2025-05-08T08:40:59+00:00\" \/>\n<meta property=\"article:modified_time\" content=\"2025-05-13T13:55:49+00:00\" \/>\n<meta property=\"og:image\" content=\"https:\/\/hoytlavt.no\/vestfold\/wp-content\/uploads\/sites\/19\/Frilfutslivetsar_web.png\" \/>\n\t<meta property=\"og:image:width\" content=\"940\" \/>\n\t<meta property=\"og:image:height\" content=\"788\" \/>\n\t<meta property=\"og:image:type\" content=\"image\/png\" \/>\n<meta name=\"author\" content=\"olavtarjei\" \/>\n<meta name=\"twitter:card\" content=\"summary_large_image\" \/>\n<meta name=\"twitter:label1\" content=\"Skrevet av\" \/>\n\t<meta name=\"twitter:data1\" content=\"olavtarjei\" \/>\n\t<meta name=\"twitter:label2\" content=\"Ansl. lesetid\" \/>\n\t<meta name=\"twitter:data2\" content=\"2 minutter\" \/>\n<script type=\"application\/ld+json\" class=\"yoast-schema-graph\">{\"@context\":\"https:\\\/\\\/schema.org\",\"@graph\":[{\"@type\":\"Article\",\"@id\":\"https:\\\/\\\/hoytlavt.no\\\/vestfold\\\/feiring-av-friluftslivets-ar-24-mai\\\/#article\",\"isPartOf\":{\"@id\":\"https:\\\/\\\/hoytlavt.no\\\/vestfold\\\/feiring-av-friluftslivets-ar-24-mai\\\/\"},\"author\":{\"name\":\"olavtarjei\",\"@id\":\"https:\\\/\\\/hoytlavt.no\\\/vestfold\\\/#\\\/schema\\\/person\\\/6198efaca31544483087e2c5f6e9254a\"},\"headline\":\"Feiring av Friluftslivets \u00e5r 24. mai!\",\"datePublished\":\"2025-05-08T08:40:59+00:00\",\"dateModified\":\"2025-05-13T13:55:49+00:00\",\"mainEntityOfPage\":{\"@id\":\"https:\\\/\\\/hoytlavt.no\\\/vestfold\\\/feiring-av-friluftslivets-ar-24-mai\\\/\"},\"wordCount\":292,\"commentCount\":0,\"publisher\":{\"@id\":\"https:\\\/\\\/hoytlavt.no\\\/vestfold\\\/#organization\"},\"image\":{\"@id\":\"https:\\\/\\\/hoytlavt.no\\\/vestfold\\\/feiring-av-friluftslivets-ar-24-mai\\\/#primaryimage\"},\"thumbnailUrl\":\"https:\\\/\\\/hoytlavt.no\\\/vestfold\\\/wp-content\\\/uploads\\\/sites\\\/19\\\/Frilfutslivetsar_web.png\",\"articleSection\":[\"Blogg\"],\"inLanguage\":\"nb-NO\",\"potentialAction\":[{\"@type\":\"CommentAction\",\"name\":\"Comment\",\"target\":[\"https:\\\/\\\/hoytlavt.no\\\/vestfold\\\/feiring-av-friluftslivets-ar-24-mai\\\/#respond\"]}]},{\"@type\":\"WebPage\",\"@id\":\"https:\\\/\\\/hoytlavt.no\\\/vestfold\\\/feiring-av-friluftslivets-ar-24-mai\\\/\",\"url\":\"https:\\\/\\\/hoytlavt.no\\\/vestfold\\\/feiring-av-friluftslivets-ar-24-mai\\\/\",\"name\":\"Friluftslivets \u00e5r 2025: Aktivitetsdag i Kj\u00e6rra og H\u00f8yt & Lavt\",\"isPartOf\":{\"@id\":\"https:\\\/\\\/hoytlavt.no\\\/vestfold\\\/#website\"},\"primaryImageOfPage\":{\"@id\":\"https:\\\/\\\/hoytlavt.no\\\/vestfold\\\/feiring-av-friluftslivets-ar-24-mai\\\/#primaryimage\"},\"image\":{\"@id\":\"https:\\\/\\\/hoytlavt.no\\\/vestfold\\\/feiring-av-friluftslivets-ar-24-mai\\\/#primaryimage\"},\"thumbnailUrl\":\"https:\\\/\\\/hoytlavt.no\\\/vestfold\\\/wp-content\\\/uploads\\\/sites\\\/19\\\/Frilfutslivetsar_web.png\",\"datePublished\":\"2025-05-08T08:40:59+00:00\",\"dateModified\":\"2025-05-13T13:55:49+00:00\",\"description\":\"Feire Friluftslivets \u00e5r 2025 i Kj\u00e6rra Fossepark og H\u00f8yt & Lavt Vestfold 24. mai! Bli med p\u00e5 en dag med klatring og aktiviteter og moro for hele familien.\",\"breadcrumb\":{\"@id\":\"https:\\\/\\\/hoytlavt.no\\\/vestfold\\\/feiring-av-friluftslivets-ar-24-mai\\\/#breadcrumb\"},\"inLanguage\":\"nb-NO\",\"potentialAction\":[{\"@type\":\"ReadAction\",\"target\":[\"https:\\\/\\\/hoytlavt.no\\\/vestfold\\\/feiring-av-friluftslivets-ar-24-mai\\\/\"]}]},{\"@type\":\"ImageObject\",\"inLanguage\":\"nb-NO\",\"@id\":\"https:\\\/\\\/hoytlavt.no\\\/vestfold\\\/feiring-av-friluftslivets-ar-24-mai\\\/#primaryimage\",\"url\":\"https:\\\/\\\/hoytlavt.no\\\/vestfold\\\/wp-content\\\/uploads\\\/sites\\\/19\\\/Frilfutslivetsar_web.png\",\"contentUrl\":\"https:\\\/\\\/hoytlavt.no\\\/vestfold\\\/wp-content\\\/uploads\\\/sites\\\/19\\\/Frilfutslivetsar_web.png\",\"width\":940,\"height\":788},{\"@type\":\"BreadcrumbList\",\"@id\":\"https:\\\/\\\/hoytlavt.no\\\/vestfold\\\/feiring-av-friluftslivets-ar-24-mai\\\/#breadcrumb\",\"itemListElement\":[{\"@type\":\"ListItem\",\"position\":1,\"name\":\"Hjem\",\"item\":\"https:\\\/\\\/hoytlavt.no\\\/vestfold\\\/\"},{\"@type\":\"ListItem\",\"position\":2,\"name\":\"Feiring av Friluftslivets \u00e5r 24. mai!\"}]},{\"@type\":\"WebSite\",\"@id\":\"https:\\\/\\\/hoytlavt.no\\\/vestfold\\\/#website\",\"url\":\"https:\\\/\\\/hoytlavt.no\\\/vestfold\\\/\",\"name\":\"H\u00f8yt &amp; Lavt Vestfold\",\"description\":\"Skandinavias st\u00f8rste klatrepark\",\"publisher\":{\"@id\":\"https:\\\/\\\/hoytlavt.no\\\/vestfold\\\/#organization\"},\"potentialAction\":[{\"@type\":\"SearchAction\",\"target\":{\"@type\":\"EntryPoint\",\"urlTemplate\":\"https:\\\/\\\/hoytlavt.no\\\/vestfold\\\/?s={search_term_string}\"},\"query-input\":{\"@type\":\"PropertyValueSpecification\",\"valueRequired\":true,\"valueName\":\"search_term_string\"}}],\"inLanguage\":\"nb-NO\"},{\"@type\":\"Organization\",\"@id\":\"https:\\\/\\\/hoytlavt.no\\\/vestfold\\\/#organization\",\"name\":\"H\u00f8yt &amp; Lavt Vestfold\",\"url\":\"https:\\\/\\\/hoytlavt.no\\\/vestfold\\\/\",\"logo\":{\"@type\":\"ImageObject\",\"inLanguage\":\"nb-NO\",\"@id\":\"https:\\\/\\\/hoytlavt.no\\\/vestfold\\\/#\\\/schema\\\/logo\\\/image\\\/\",\"url\":\"https:\\\/\\\/hoytlavt.no\\\/vestfold\\\/wp-content\\\/uploads\\\/sites\\\/19\\\/image-7.svg\",\"contentUrl\":\"https:\\\/\\\/hoytlavt.no\\\/vestfold\\\/wp-content\\\/uploads\\\/sites\\\/19\\\/image-7.svg\",\"caption\":\"H\u00f8yt &amp; Lavt Vestfold\"},\"image\":{\"@id\":\"https:\\\/\\\/hoytlavt.no\\\/vestfold\\\/#\\\/schema\\\/logo\\\/image\\\/\"},\"sameAs\":[\"https:\\\/\\\/www.facebook.com\\\/hoytoglavt\\\/\",\"https:\\\/\\\/www.instagram.com\\\/hoytoglavt\\\/\",\"https:\\\/\\\/www.linkedin.com\\\/company\\\/h\u00f8yt-og-lavt-aktivitetspark-as\\\/\"]},{\"@type\":\"Person\",\"@id\":\"https:\\\/\\\/hoytlavt.no\\\/vestfold\\\/#\\\/schema\\\/person\\\/6198efaca31544483087e2c5f6e9254a\",\"name\":\"olavtarjei\",\"image\":{\"@type\":\"ImageObject\",\"inLanguage\":\"nb-NO\",\"@id\":\"https:\\\/\\\/secure.gravatar.com\\\/avatar\\\/1dc190c20e75b9005d5a52d62ce9a845f7fb9470c5297fe9f976fc3a7576a410?s=96&d=mm&r=g\",\"url\":\"https:\\\/\\\/secure.gravatar.com\\\/avatar\\\/1dc190c20e75b9005d5a52d62ce9a845f7fb9470c5297fe9f976fc3a7576a410?s=96&d=mm&r=g\",\"contentUrl\":\"https:\\\/\\\/secure.gravatar.com\\\/avatar\\\/1dc190c20e75b9005d5a52d62ce9a845f7fb9470c5297fe9f976fc3a7576a410?s=96&d=mm&r=g\",\"caption\":\"olavtarjei\"},\"url\":\"https:\\\/\\\/hoytlavt.no\\\/vestfold\\\/author\\\/olavtarjei\\\/\"}]}<\/script>\n<!-- \/ Yoast SEO Premium plugin. -->","yoast_head_json":{"title":"Friluftslivets \u00e5r 2025: Aktivitetsdag i Kj\u00e6rra og H\u00f8yt & Lavt","description":"Feire Friluftslivets \u00e5r 2025 i Kj\u00e6rra Fossepark og H\u00f8yt & Lavt Vestfold 24. mai! Bli med p\u00e5 en dag med klatring og aktiviteter og moro for hele familien.","robots":{"index":"index","follow":"follow","max-snippet":"max-snippet:-1","max-image-preview":"max-image-preview:large","max-video-preview":"max-video-preview:-1"},"canonical":"https:\/\/hoytlavt.no\/vestfold\/feiring-av-friluftslivets-ar-24-mai\/","og_locale":"nb_NO","og_type":"article","og_title":"Feiring av Friluftslivets \u00e5r 24. mai!","og_description":"Feire Friluftslivets \u00e5r 2025 i Kj\u00e6rra Fossepark og H\u00f8yt & Lavt Vestfold 24. mai! Bli med p\u00e5 en dag med klatring og aktiviteter og moro for hele familien.","og_url":"https:\/\/hoytlavt.no\/vestfold\/feiring-av-friluftslivets-ar-24-mai\/","og_site_name":"H\u00f8yt &amp; Lavt Vestfold","article_publisher":"https:\/\/www.facebook.com\/hoytoglavt\/","article_published_time":"2025-05-08T08:40:59+00:00","article_modified_time":"2025-05-13T13:55:49+00:00","og_image":[{"width":940,"height":788,"url":"https:\/\/hoytlavt.no\/vestfold\/wp-content\/uploads\/sites\/19\/Frilfutslivetsar_web.png","type":"image\/png"}],"author":"olavtarjei","twitter_card":"summary_large_image","twitter_misc":{"Skrevet av":"olavtarjei","Ansl. lesetid":"2 minutter"},"schema":{"@context":"https:\/\/schema.org","@graph":[{"@type":"Article","@id":"https:\/\/hoytlavt.no\/vestfold\/feiring-av-friluftslivets-ar-24-mai\/#article","isPartOf":{"@id":"https:\/\/hoytlavt.no\/vestfold\/feiring-av-friluftslivets-ar-24-mai\/"},"author":{"name":"olavtarjei","@id":"https:\/\/hoytlavt.no\/vestfold\/#\/schema\/person\/6198efaca31544483087e2c5f6e9254a"},"headline":"Feiring av Friluftslivets \u00e5r 24. mai!","datePublished":"2025-05-08T08:40:59+00:00","dateModified":"2025-05-13T13:55:49+00:00","mainEntityOfPage":{"@id":"https:\/\/hoytlavt.no\/vestfold\/feiring-av-friluftslivets-ar-24-mai\/"},"wordCount":292,"commentCount":0,"publisher":{"@id":"https:\/\/hoytlavt.no\/vestfold\/#organization"},"image":{"@id":"https:\/\/hoytlavt.no\/vestfold\/feiring-av-friluftslivets-ar-24-mai\/#primaryimage"},"thumbnailUrl":"https:\/\/hoytlavt.no\/vestfold\/wp-content\/uploads\/sites\/19\/Frilfutslivetsar_web.png","articleSection":["Blogg"],"inLanguage":"nb-NO","potentialAction":[{"@type":"CommentAction","name":"Comment","target":["https:\/\/hoytlavt.no\/vestfold\/feiring-av-friluftslivets-ar-24-mai\/#respond"]}]},{"@type":"WebPage","@id":"https:\/\/hoytlavt.no\/vestfold\/feiring-av-friluftslivets-ar-24-mai\/","url":"https:\/\/hoytlavt.no\/vestfold\/feiring-av-friluftslivets-ar-24-mai\/","name":"Friluftslivets \u00e5r 2025: Aktivitetsdag i Kj\u00e6rra og H\u00f8yt & Lavt","isPartOf":{"@id":"https:\/\/hoytlavt.no\/vestfold\/#website"},"primaryImageOfPage":{"@id":"https:\/\/hoytlavt.no\/vestfold\/feiring-av-friluftslivets-ar-24-mai\/#primaryimage"},"image":{"@id":"https:\/\/hoytlavt.no\/vestfold\/feiring-av-friluftslivets-ar-24-mai\/#primaryimage"},"thumbnailUrl":"https:\/\/hoytlavt.no\/vestfold\/wp-content\/uploads\/sites\/19\/Frilfutslivetsar_web.png","datePublished":"2025-05-08T08:40:59+00:00","dateModified":"2025-05-13T13:55:49+00:00","description":"Feire Friluftslivets \u00e5r 2025 i Kj\u00e6rra Fossepark og H\u00f8yt & Lavt Vestfold 24. mai! Bli med p\u00e5 en dag med klatring og aktiviteter og moro for hele familien.","breadcrumb":{"@id":"https:\/\/hoytlavt.no\/vestfold\/feiring-av-friluftslivets-ar-24-mai\/#breadcrumb"},"inLanguage":"nb-NO","potentialAction":[{"@type":"ReadAction","target":["https:\/\/hoytlavt.no\/vestfold\/feiring-av-friluftslivets-ar-24-mai\/"]}]},{"@type":"ImageObject","inLanguage":"nb-NO","@id":"https:\/\/hoytlavt.no\/vestfold\/feiring-av-friluftslivets-ar-24-mai\/#primaryimage","url":"https:\/\/hoytlavt.no\/vestfold\/wp-content\/uploads\/sites\/19\/Frilfutslivetsar_web.png","contentUrl":"https:\/\/hoytlavt.no\/vestfold\/wp-content\/uploads\/sites\/19\/Frilfutslivetsar_web.png","width":940,"height":788},{"@type":"BreadcrumbList","@id":"https:\/\/hoytlavt.no\/vestfold\/feiring-av-friluftslivets-ar-24-mai\/#breadcrumb","itemListElement":[{"@type":"ListItem","position":1,"name":"Hjem","item":"https:\/\/hoytlavt.no\/vestfold\/"},{"@type":"ListItem","position":2,"name":"Feiring av Friluftslivets \u00e5r 24. mai!"}]},{"@type":"WebSite","@id":"https:\/\/hoytlavt.no\/vestfold\/#website","url":"https:\/\/hoytlavt.no\/vestfold\/","name":"H\u00f8yt &amp; Lavt Vestfold","description":"Skandinavias st\u00f8rste klatrepark","publisher":{"@id":"https:\/\/hoytlavt.no\/vestfold\/#organization"},"potentialAction":[{"@type":"SearchAction","target":{"@type":"EntryPoint","urlTemplate":"https:\/\/hoytlavt.no\/vestfold\/?s={search_term_string}"},"query-input":{"@type":"PropertyValueSpecification","valueRequired":true,"valueName":"search_term_string"}}],"inLanguage":"nb-NO"},{"@type":"Organization","@id":"https:\/\/hoytlavt.no\/vestfold\/#organization","name":"H\u00f8yt &amp; Lavt Vestfold","url":"https:\/\/hoytlavt.no\/vestfold\/","logo":{"@type":"ImageObject","inLanguage":"nb-NO","@id":"https:\/\/hoytlavt.no\/vestfold\/#\/schema\/logo\/image\/","url":"https:\/\/hoytlavt.no\/vestfold\/wp-content\/uploads\/sites\/19\/image-7.svg","contentUrl":"https:\/\/hoytlavt.no\/vestfold\/wp-content\/uploads\/sites\/19\/image-7.svg","caption":"H\u00f8yt &amp; Lavt Vestfold"},"image":{"@id":"https:\/\/hoytlavt.no\/vestfold\/#\/schema\/logo\/image\/"},"sameAs":["https:\/\/www.facebook.com\/hoytoglavt\/","https:\/\/www.instagram.com\/hoytoglavt\/","https:\/\/www.linkedin.com\/company\/h\u00f8yt-og-lavt-aktivitetspark-as\/"]},{"@type":"Person","@id":"https:\/\/hoytlavt.no\/vestfold\/#\/schema\/person\/6198efaca31544483087e2c5f6e9254a","name":"olavtarjei","image":{"@type":"ImageObject","inLanguage":"nb-NO","@id":"https:\/\/secure.gravatar.com\/avatar\/1dc190c20e75b9005d5a52d62ce9a845f7fb9470c5297fe9f976fc3a7576a410?s=96&d=mm&r=g","url":"https:\/\/secure.gravatar.com\/avatar\/1dc190c20e75b9005d5a52d62ce9a845f7fb9470c5297fe9f976fc3a7576a410?s=96&d=mm&r=g","contentUrl":"https:\/\/secure.gravatar.com\/avatar\/1dc190c20e75b9005d5a52d62ce9a845f7fb9470c5297fe9f976fc3a7576a410?s=96&d=mm&r=g","caption":"olavtarjei"},"url":"https:\/\/hoytlavt.no\/vestfold\/author\/olavtarjei\/"}]}},"_links":{"self":[{"href":"https:\/\/hoytlavt.no\/vestfold\/wp-json\/wp\/v2\/posts\/6405","targetHints":{"allow":["GET"]}}],"collection":[{"href":"https:\/\/hoytlavt.no\/vestfold\/wp-json\/wp\/v2\/posts"}],"about":[{"href":"https:\/\/hoytlavt.no\/vestfold\/wp-json\/wp\/v2\/types\/post"}],"author":[{"embeddable":true,"href":"https:\/\/hoytlavt.no\/vestfold\/wp-json\/wp\/v2\/users\/25"}],"replies":[{"embeddable":true,"href":"https:\/\/hoytlavt.no\/vestfold\/wp-json\/wp\/v2\/comments?post=6405"}],"version-history":[{"count":1,"href":"https:\/\/hoytlavt.no\/vestfold\/wp-json\/wp\/v2\/posts\/6405\/revisions"}],"predecessor-version":[{"id":6407,"href":"https:\/\/hoytlavt.no\/vestfold\/wp-json\/wp\/v2\/posts\/6405\/revisions\/6407"}],"wp:featuredmedia":[{"embeddable":true,"href":"https:\/\/hoytlavt.no\/vestfold\/wp-json\/wp\/v2\/media\/6406"}],"wp:attachment":[{"href":"https:\/\/hoytlavt.no\/vestfold\/wp-json\/wp\/v2\/media?parent=6405"}],"wp:term":[{"taxonomy":"category","embeddable":true,"href":"https:\/\/hoytlavt.no\/vestfold\/wp-json\/wp\/v2\/categories?post=6405"},{"taxonomy":"post_tag","embeddable":true,"href":"https:\/\/hoytlavt.no\/vestfold\/wp-json\/wp\/v2\/tags?post=6405"}],"curies":[{"name":"wp","href":"https:\/\/api.w.org\/{rel}","templated":true}]}}