{"id":1169,"date":"2021-02-09T11:04:35","date_gmt":"2021-02-09T10:04:35","guid":{"rendered":"https:\/\/hoytlavt.no\/trondheim\/?p=1169"},"modified":"2023-02-21T21:47:51","modified_gmt":"2023-02-21T20:47:51","slug":"bygging-her-kommer-det-nye-loyper","status":"publish","type":"post","link":"https:\/\/hoytlavt.no\/trondheim\/blogg\/bygging-her-kommer-det-nye-loyper\/","title":{"rendered":"Bygging av nye l\u00f8yper"},"content":{"rendered":"\n<figure class=\"wp-block-image size-large\"><img decoding=\"async\" src=\"https:\/\/hoytlavt.no\/trondheim\/wp-content\/uploads\/sites\/12\/sites\/12\/75740E55-52EA-4A80-B94B-60ECC0F40136-819x1024.jpg\" alt=\"\" class=\"wp-image-1168\" \/><figcaption><strong>Klatring p\u00e5 tau<\/strong><\/figcaption><\/figure>\n\n\n\n<p>Vi har utvidet parken med tre l\u00f8yper som stod ferdigstilt til sesong\u00e5pning 2021. <\/p>\n\n\n\n<p>Her ser dere bygger J\u00f8rn Halvorsen som l\u00e6rer bort teknikker i jobbing p\u00e5 tau til Stian Ferstad. Sikkerhet er f\u00f8rste prioritet n\u00e5r man jobber i h\u00f8yden, man m\u00e5 vite hva man gj\u00f8r (i tillegg til hvordan)&#8230;!<\/p>\n\n\n\n<p>Det ble bygget en lysegr\u00f8nn l\u00f8ype, som er et etterlengtet mellomtrinn i vanskelighetsgrad mellom de oransje (barne)l\u00f8ypene v\u00e5re og de to gr\u00f8nne vi allerede har. Von Schmettows tras\u00e8 og Ormen Lange er lange og h\u00f8ye, og det kan v\u00e6re utfordrende for sm\u00e5 og lette klatrere spesielt p\u00e5 de lange zip-ene. Den nye l\u00f8ypa -som heter TORDENSKIOLDS l\u00f8ype &#8211; er lavere men har likevel noen ganske kule hindre.<\/p>\n\n\n\n<p> Blant annet dette edderkoppnettet: <\/p>\n\n\n\n<figure class=\"wp-block-image size-large\"><img loading=\"lazy\" decoding=\"async\" width=\"838\" height=\"1024\" src=\"https:\/\/hoytlavt.no\/trondheim\/wp-content\/uploads\/sites\/12\/sites\/12\/874E187B-6F9C-478A-83A1-FB1198286451-838x1024.jpg\" alt=\"\" class=\"wp-image-1189\" srcset=\"https:\/\/hoytlavt.no\/trondheim\/wp-content\/uploads\/sites\/12\/sites\/12\/874E187B-6F9C-478A-83A1-FB1198286451-838x1024.jpg 838w, https:\/\/hoytlavt.no\/trondheim\/wp-content\/uploads\/sites\/12\/sites\/12\/874E187B-6F9C-478A-83A1-FB1198286451-245x300.jpg 245w, https:\/\/hoytlavt.no\/trondheim\/wp-content\/uploads\/sites\/12\/sites\/12\/874E187B-6F9C-478A-83A1-FB1198286451-768x939.jpg 768w, https:\/\/hoytlavt.no\/trondheim\/wp-content\/uploads\/sites\/12\/sites\/12\/874E187B-6F9C-478A-83A1-FB1198286451-1256x1536.jpg 1256w, https:\/\/hoytlavt.no\/trondheim\/wp-content\/uploads\/sites\/12\/sites\/12\/874E187B-6F9C-478A-83A1-FB1198286451-scaled.jpg 1675w\" sizes=\"auto, (max-width: 838px) 100vw, 838px\" \/><figcaption>Edderkoppnettet i lysegr\u00f8nn l\u00f8ype<\/figcaption><\/figure>\n\n\n\n<p>Den nye bl\u00e5 er bygget lavere og kortere enn Ladestien (&laquo;bare&raquo;9 hinder) men med noen utfordrende elementer. <\/p>\n\n\n\n<p>Konkurranse om forslag til navn ble lagt ut p\u00e5 Instagram p\u00e5 kontoen v\u00e5r <a href=\"https:\/\/www.instagram.com\/hoytoglavttrondheim\/\" target=\"_blank\" rel=\"noreferrer noopener\">@hoytoglavttrondheim<\/a> og valget falt p\u00e5 Rotvoll All\u00e9! <br>Alle l\u00f8ypene v\u00e5re har f\u00e5tt navn etter lokal historie og tilknytning, og noen ganger har vi hatt navnekonkurranse p\u00e5 sosiale media. <\/p>\n\n\n\n<p><\/p>\n\n\n\n<figure class=\"wp-block-image size-large\"><img loading=\"lazy\" decoding=\"async\" width=\"768\" height=\"1024\" src=\"https:\/\/hoytlavt.no\/trondheim\/wp-content\/uploads\/sites\/12\/sites\/12\/tempImage9xCkcy-768x1024.jpg\" alt=\"\" class=\"wp-image-1193\" srcset=\"https:\/\/hoytlavt.no\/trondheim\/wp-content\/uploads\/sites\/12\/sites\/12\/tempImage9xCkcy-768x1024.jpg 768w, https:\/\/hoytlavt.no\/trondheim\/wp-content\/uploads\/sites\/12\/sites\/12\/tempImage9xCkcy-225x300.jpg 225w, https:\/\/hoytlavt.no\/trondheim\/wp-content\/uploads\/sites\/12\/sites\/12\/tempImage9xCkcy-1152x1536.jpg 1152w, https:\/\/hoytlavt.no\/trondheim\/wp-content\/uploads\/sites\/12\/sites\/12\/tempImage9xCkcy-scaled.jpg 1536w\" sizes=\"auto, (max-width: 768px) 100vw, 768px\" \/><figcaption><strong>Bl\u00e5 l\u00f8ype<\/strong> <strong>tar form<\/strong><\/figcaption><\/figure>\n\n\n\n<p>Her ser dere den bl\u00e5 l\u00f8ypa tar form. Vi var heldige med v\u00e6ret denne vinteren, og byggerne slapp unna uten frostskader! (Spot the builder!)<\/p>\n\n\n\n<p><\/p>\n\n\n\n<figure class=\"wp-block-image size-large is-resized\"><img loading=\"lazy\" decoding=\"async\" src=\"https:\/\/hoytlavt.no\/trondheim\/wp-content\/uploads\/sites\/12\/sites\/12\/tempImagezYJru7.jpg\" alt=\"Utsikt fra klatrel\u00f8ype\" class=\"wp-image-1295\" width=\"770\" height=\"433\" srcset=\"https:\/\/hoytlavt.no\/trondheim\/wp-content\/uploads\/sites\/12\/sites\/12\/tempImagezYJru7.jpg 640w, https:\/\/hoytlavt.no\/trondheim\/wp-content\/uploads\/sites\/12\/sites\/12\/tempImagezYJru7-300x169.jpg 300w\" sizes=\"auto, (max-width: 770px) 100vw, 770px\" \/><figcaption><strong>Utsikten fra den nye Zipline -l\u00f8ypa<\/strong><\/figcaption><\/figure>\n\n\n\n<p>Dette er begynnelsen p\u00e5 den nye gr\u00f8nne l\u00f8ypa v\u00e5r, en ren zipline-l\u00f8ype!<br>Den er laget s\u00e5 det skal bli skikkelig sug i magen, samtidig som den er tilgjengelig for de under 10 \u00e5r. <br>L\u00f8ypa har f\u00e5tt navn etter Zolo Karoli, som er en historisk skikkelse fra omr\u00e5det her i tidsrommet 2. verdenskrig. <br>Det er skrevet <a href=\"https:\/\/www.ark.no\/boker\/Maria-Schwaller-Rosvoll-Zolo-Karoli-9788202590161\" target=\"_blank\" rel=\"noreferrer noopener\">bok<\/a> om ham av <a href=\"https:\/\/www.ark.no\/forfattere\/maria-schwaller-rosvoll\">Maria Schwaller Rosvoll<\/a> om noen vil lese litt om dette!<\/p>\n\n\n\n<p><\/p>\n","protected":false},"excerpt":{"rendered":"<p>Vi har utvidet parken med tre l\u00f8yper som stod ferdigstilt til sesong\u00e5pning 2021. Her ser [&hellip;]<\/p>\n","protected":false},"author":7,"featured_media":1187,"comment_status":"open","ping_status":"open","sticky":false,"template":"","format":"standard","meta":{"_acf_changed":false,"inline_featured_image":false,"footnotes":""},"categories":[67],"tags":[],"class_list":["post-1169","post","type-post","status-publish","format-standard","has-post-thumbnail","hentry","category-blogg"],"acf":[],"yoast_head":"<!-- This site is optimized with the Yoast SEO Premium plugin v26.8 (Yoast SEO v27.4) - https:\/\/yoast.com\/product\/yoast-seo-premium-wordpress\/ -->\n<title>Bygging av nye l\u00f8yper - H\u00f8yt &amp; Lavt Trondheim<\/title>\n<meta name=\"robots\" content=\"index, follow, max-snippet:-1, max-image-preview:large, max-video-preview:-1\" \/>\n<link rel=\"canonical\" href=\"https:\/\/hoytlavt.no\/trondheim\/blogg\/bygging-her-kommer-det-nye-loyper\/\" \/>\n<meta property=\"og:locale\" content=\"nb_NO\" \/>\n<meta property=\"og:type\" content=\"article\" \/>\n<meta property=\"og:title\" content=\"Bygging av nye l\u00f8yper\" \/>\n<meta property=\"og:description\" content=\"Vi har utvidet parken med tre l\u00f8yper som stod ferdigstilt til sesong\u00e5pning 2021. Her ser [&hellip;]\" \/>\n<meta property=\"og:url\" content=\"https:\/\/hoytlavt.no\/trondheim\/blogg\/bygging-her-kommer-det-nye-loyper\/\" \/>\n<meta property=\"og:site_name\" content=\"H\u00f8yt &amp; Lavt Trondheim\" \/>\n<meta property=\"article:published_time\" content=\"2021-02-09T10:04:35+00:00\" \/>\n<meta property=\"article:modified_time\" content=\"2023-02-21T20:47:51+00:00\" \/>\n<meta property=\"og:image\" content=\"https:\/\/hoytlavt.no\/trondheim\/wp-content\/uploads\/sites\/12\/sites\/12\/7BA75464-6B57-4599-8145-476B77FD4D49.jpg\" \/>\n\t<meta property=\"og:image:width\" content=\"1753\" \/>\n\t<meta property=\"og:image:height\" content=\"1753\" \/>\n\t<meta property=\"og:image:type\" content=\"image\/jpeg\" \/>\n<meta name=\"author\" content=\"elintrondheim\" \/>\n<meta name=\"twitter:card\" content=\"summary_large_image\" \/>\n<meta name=\"twitter:label1\" content=\"Skrevet av\" \/>\n\t<meta name=\"twitter:data1\" content=\"elintrondheim\" \/>\n\t<meta name=\"twitter:label2\" content=\"Ansl. lesetid\" \/>\n\t<meta name=\"twitter:data2\" content=\"3 minutter\" \/>\n<script type=\"application\/ld+json\" class=\"yoast-schema-graph\">{\"@context\":\"https:\\\/\\\/schema.org\",\"@graph\":[{\"@type\":\"Article\",\"@id\":\"https:\\\/\\\/hoytlavt.no\\\/trondheim\\\/blogg\\\/bygging-her-kommer-det-nye-loyper\\\/#article\",\"isPartOf\":{\"@id\":\"https:\\\/\\\/hoytlavt.no\\\/trondheim\\\/blogg\\\/bygging-her-kommer-det-nye-loyper\\\/\"},\"author\":{\"name\":\"elintrondheim\",\"@id\":\"https:\\\/\\\/hoytlavt.no\\\/trondheim\\\/#\\\/schema\\\/person\\\/ff411b4444da38975477e63c2e3c4b20\"},\"headline\":\"Bygging av nye l\u00f8yper\",\"datePublished\":\"2021-02-09T10:04:35+00:00\",\"dateModified\":\"2023-02-21T20:47:51+00:00\",\"mainEntityOfPage\":{\"@id\":\"https:\\\/\\\/hoytlavt.no\\\/trondheim\\\/blogg\\\/bygging-her-kommer-det-nye-loyper\\\/\"},\"wordCount\":325,\"commentCount\":0,\"publisher\":{\"@id\":\"https:\\\/\\\/hoytlavt.no\\\/trondheim\\\/#organization\"},\"image\":{\"@id\":\"https:\\\/\\\/hoytlavt.no\\\/trondheim\\\/blogg\\\/bygging-her-kommer-det-nye-loyper\\\/#primaryimage\"},\"thumbnailUrl\":\"https:\\\/\\\/hoytlavt.no\\\/trondheim\\\/wp-content\\\/uploads\\\/sites\\\/12\\\/sites\\\/12\\\/7BA75464-6B57-4599-8145-476B77FD4D49.jpg\",\"articleSection\":[\"Blogg\"],\"inLanguage\":\"nb-NO\",\"potentialAction\":[{\"@type\":\"CommentAction\",\"name\":\"Comment\",\"target\":[\"https:\\\/\\\/hoytlavt.no\\\/trondheim\\\/blogg\\\/bygging-her-kommer-det-nye-loyper\\\/#respond\"]}]},{\"@type\":\"WebPage\",\"@id\":\"https:\\\/\\\/hoytlavt.no\\\/trondheim\\\/blogg\\\/bygging-her-kommer-det-nye-loyper\\\/\",\"url\":\"https:\\\/\\\/hoytlavt.no\\\/trondheim\\\/blogg\\\/bygging-her-kommer-det-nye-loyper\\\/\",\"name\":\"Bygging av nye l\u00f8yper - H\u00f8yt &amp; Lavt Trondheim\",\"isPartOf\":{\"@id\":\"https:\\\/\\\/hoytlavt.no\\\/trondheim\\\/#website\"},\"primaryImageOfPage\":{\"@id\":\"https:\\\/\\\/hoytlavt.no\\\/trondheim\\\/blogg\\\/bygging-her-kommer-det-nye-loyper\\\/#primaryimage\"},\"image\":{\"@id\":\"https:\\\/\\\/hoytlavt.no\\\/trondheim\\\/blogg\\\/bygging-her-kommer-det-nye-loyper\\\/#primaryimage\"},\"thumbnailUrl\":\"https:\\\/\\\/hoytlavt.no\\\/trondheim\\\/wp-content\\\/uploads\\\/sites\\\/12\\\/sites\\\/12\\\/7BA75464-6B57-4599-8145-476B77FD4D49.jpg\",\"datePublished\":\"2021-02-09T10:04:35+00:00\",\"dateModified\":\"2023-02-21T20:47:51+00:00\",\"breadcrumb\":{\"@id\":\"https:\\\/\\\/hoytlavt.no\\\/trondheim\\\/blogg\\\/bygging-her-kommer-det-nye-loyper\\\/#breadcrumb\"},\"inLanguage\":\"nb-NO\",\"potentialAction\":[{\"@type\":\"ReadAction\",\"target\":[\"https:\\\/\\\/hoytlavt.no\\\/trondheim\\\/blogg\\\/bygging-her-kommer-det-nye-loyper\\\/\"]}]},{\"@type\":\"ImageObject\",\"inLanguage\":\"nb-NO\",\"@id\":\"https:\\\/\\\/hoytlavt.no\\\/trondheim\\\/blogg\\\/bygging-her-kommer-det-nye-loyper\\\/#primaryimage\",\"url\":\"https:\\\/\\\/hoytlavt.no\\\/trondheim\\\/wp-content\\\/uploads\\\/sites\\\/12\\\/sites\\\/12\\\/7BA75464-6B57-4599-8145-476B77FD4D49.jpg\",\"contentUrl\":\"https:\\\/\\\/hoytlavt.no\\\/trondheim\\\/wp-content\\\/uploads\\\/sites\\\/12\\\/sites\\\/12\\\/7BA75464-6B57-4599-8145-476B77FD4D49.jpg\",\"width\":1753,\"height\":1753},{\"@type\":\"BreadcrumbList\",\"@id\":\"https:\\\/\\\/hoytlavt.no\\\/trondheim\\\/blogg\\\/bygging-her-kommer-det-nye-loyper\\\/#breadcrumb\",\"itemListElement\":[{\"@type\":\"ListItem\",\"position\":1,\"name\":\"Hjem\",\"item\":\"https:\\\/\\\/hoytlavt.no\\\/trondheim\\\/en\\\/\"},{\"@type\":\"ListItem\",\"position\":2,\"name\":\"Bygging av nye l\u00f8yper\"}]},{\"@type\":\"WebSite\",\"@id\":\"https:\\\/\\\/hoytlavt.no\\\/trondheim\\\/#website\",\"url\":\"https:\\\/\\\/hoytlavt.no\\\/trondheim\\\/\",\"name\":\"H\u00f8yt &amp; Lavt Trondheim\",\"description\":\"Norges nest st\u00f8rste klatrepark med hele 41 zipliner\",\"publisher\":{\"@id\":\"https:\\\/\\\/hoytlavt.no\\\/trondheim\\\/#organization\"},\"potentialAction\":[{\"@type\":\"SearchAction\",\"target\":{\"@type\":\"EntryPoint\",\"urlTemplate\":\"https:\\\/\\\/hoytlavt.no\\\/trondheim\\\/?s={search_term_string}\"},\"query-input\":{\"@type\":\"PropertyValueSpecification\",\"valueRequired\":true,\"valueName\":\"search_term_string\"}}],\"inLanguage\":\"nb-NO\"},{\"@type\":\"Organization\",\"@id\":\"https:\\\/\\\/hoytlavt.no\\\/trondheim\\\/#organization\",\"name\":\"H\u00f8yt &amp; Lavt Trondheim\",\"url\":\"https:\\\/\\\/hoytlavt.no\\\/trondheim\\\/\",\"logo\":{\"@type\":\"ImageObject\",\"inLanguage\":\"nb-NO\",\"@id\":\"https:\\\/\\\/hoytlavt.no\\\/trondheim\\\/#\\\/schema\\\/logo\\\/image\\\/\",\"url\":\"https:\\\/\\\/hoytlavt.no\\\/trondheim\\\/wp-content\\\/uploads\\\/sites\\\/12\\\/sites\\\/12\\\/Trondheim - Bilder\\\/hl-logo-trd-trondheim-neg.svg\",\"contentUrl\":\"https:\\\/\\\/hoytlavt.no\\\/trondheim\\\/wp-content\\\/uploads\\\/sites\\\/12\\\/sites\\\/12\\\/Trondheim - Bilder\\\/hl-logo-trd-trondheim-neg.svg\",\"width\":286,\"height\":96,\"caption\":\"H\u00f8yt &amp; Lavt Trondheim\"},\"image\":{\"@id\":\"https:\\\/\\\/hoytlavt.no\\\/trondheim\\\/#\\\/schema\\\/logo\\\/image\\\/\"}},{\"@type\":\"Person\",\"@id\":\"https:\\\/\\\/hoytlavt.no\\\/trondheim\\\/#\\\/schema\\\/person\\\/ff411b4444da38975477e63c2e3c4b20\",\"name\":\"elintrondheim\",\"image\":{\"@type\":\"ImageObject\",\"inLanguage\":\"nb-NO\",\"@id\":\"https:\\\/\\\/secure.gravatar.com\\\/avatar\\\/7b8b99a250693f119230bf7abe8f58103d5948d9d32007776ff4334009d6599d?s=96&d=mm&r=g\",\"url\":\"https:\\\/\\\/secure.gravatar.com\\\/avatar\\\/7b8b99a250693f119230bf7abe8f58103d5948d9d32007776ff4334009d6599d?s=96&d=mm&r=g\",\"contentUrl\":\"https:\\\/\\\/secure.gravatar.com\\\/avatar\\\/7b8b99a250693f119230bf7abe8f58103d5948d9d32007776ff4334009d6599d?s=96&d=mm&r=g\",\"caption\":\"elintrondheim\"},\"sameAs\":[\"https:\\\/\\\/www.instagram.com\\\/hansbakkelin\\\/\"]}]}<\/script>\n<!-- \/ Yoast SEO Premium plugin. -->","yoast_head_json":{"title":"Bygging av nye l\u00f8yper - H\u00f8yt &amp; Lavt Trondheim","robots":{"index":"index","follow":"follow","max-snippet":"max-snippet:-1","max-image-preview":"max-image-preview:large","max-video-preview":"max-video-preview:-1"},"canonical":"https:\/\/hoytlavt.no\/trondheim\/blogg\/bygging-her-kommer-det-nye-loyper\/","og_locale":"nb_NO","og_type":"article","og_title":"Bygging av nye l\u00f8yper","og_description":"Vi har utvidet parken med tre l\u00f8yper som stod ferdigstilt til sesong\u00e5pning 2021. Her ser [&hellip;]","og_url":"https:\/\/hoytlavt.no\/trondheim\/blogg\/bygging-her-kommer-det-nye-loyper\/","og_site_name":"H\u00f8yt &amp; Lavt Trondheim","article_published_time":"2021-02-09T10:04:35+00:00","article_modified_time":"2023-02-21T20:47:51+00:00","og_image":[{"width":1753,"height":1753,"url":"https:\/\/hoytlavt.no\/trondheim\/wp-content\/uploads\/sites\/12\/sites\/12\/7BA75464-6B57-4599-8145-476B77FD4D49.jpg","type":"image\/jpeg"}],"author":"elintrondheim","twitter_card":"summary_large_image","twitter_misc":{"Skrevet av":"elintrondheim","Ansl. lesetid":"3 minutter"},"schema":{"@context":"https:\/\/schema.org","@graph":[{"@type":"Article","@id":"https:\/\/hoytlavt.no\/trondheim\/blogg\/bygging-her-kommer-det-nye-loyper\/#article","isPartOf":{"@id":"https:\/\/hoytlavt.no\/trondheim\/blogg\/bygging-her-kommer-det-nye-loyper\/"},"author":{"name":"elintrondheim","@id":"https:\/\/hoytlavt.no\/trondheim\/#\/schema\/person\/ff411b4444da38975477e63c2e3c4b20"},"headline":"Bygging av nye l\u00f8yper","datePublished":"2021-02-09T10:04:35+00:00","dateModified":"2023-02-21T20:47:51+00:00","mainEntityOfPage":{"@id":"https:\/\/hoytlavt.no\/trondheim\/blogg\/bygging-her-kommer-det-nye-loyper\/"},"wordCount":325,"commentCount":0,"publisher":{"@id":"https:\/\/hoytlavt.no\/trondheim\/#organization"},"image":{"@id":"https:\/\/hoytlavt.no\/trondheim\/blogg\/bygging-her-kommer-det-nye-loyper\/#primaryimage"},"thumbnailUrl":"https:\/\/hoytlavt.no\/trondheim\/wp-content\/uploads\/sites\/12\/sites\/12\/7BA75464-6B57-4599-8145-476B77FD4D49.jpg","articleSection":["Blogg"],"inLanguage":"nb-NO","potentialAction":[{"@type":"CommentAction","name":"Comment","target":["https:\/\/hoytlavt.no\/trondheim\/blogg\/bygging-her-kommer-det-nye-loyper\/#respond"]}]},{"@type":"WebPage","@id":"https:\/\/hoytlavt.no\/trondheim\/blogg\/bygging-her-kommer-det-nye-loyper\/","url":"https:\/\/hoytlavt.no\/trondheim\/blogg\/bygging-her-kommer-det-nye-loyper\/","name":"Bygging av nye l\u00f8yper - H\u00f8yt &amp; Lavt Trondheim","isPartOf":{"@id":"https:\/\/hoytlavt.no\/trondheim\/#website"},"primaryImageOfPage":{"@id":"https:\/\/hoytlavt.no\/trondheim\/blogg\/bygging-her-kommer-det-nye-loyper\/#primaryimage"},"image":{"@id":"https:\/\/hoytlavt.no\/trondheim\/blogg\/bygging-her-kommer-det-nye-loyper\/#primaryimage"},"thumbnailUrl":"https:\/\/hoytlavt.no\/trondheim\/wp-content\/uploads\/sites\/12\/sites\/12\/7BA75464-6B57-4599-8145-476B77FD4D49.jpg","datePublished":"2021-02-09T10:04:35+00:00","dateModified":"2023-02-21T20:47:51+00:00","breadcrumb":{"@id":"https:\/\/hoytlavt.no\/trondheim\/blogg\/bygging-her-kommer-det-nye-loyper\/#breadcrumb"},"inLanguage":"nb-NO","potentialAction":[{"@type":"ReadAction","target":["https:\/\/hoytlavt.no\/trondheim\/blogg\/bygging-her-kommer-det-nye-loyper\/"]}]},{"@type":"ImageObject","inLanguage":"nb-NO","@id":"https:\/\/hoytlavt.no\/trondheim\/blogg\/bygging-her-kommer-det-nye-loyper\/#primaryimage","url":"https:\/\/hoytlavt.no\/trondheim\/wp-content\/uploads\/sites\/12\/sites\/12\/7BA75464-6B57-4599-8145-476B77FD4D49.jpg","contentUrl":"https:\/\/hoytlavt.no\/trondheim\/wp-content\/uploads\/sites\/12\/sites\/12\/7BA75464-6B57-4599-8145-476B77FD4D49.jpg","width":1753,"height":1753},{"@type":"BreadcrumbList","@id":"https:\/\/hoytlavt.no\/trondheim\/blogg\/bygging-her-kommer-det-nye-loyper\/#breadcrumb","itemListElement":[{"@type":"ListItem","position":1,"name":"Hjem","item":"https:\/\/hoytlavt.no\/trondheim\/en\/"},{"@type":"ListItem","position":2,"name":"Bygging av nye l\u00f8yper"}]},{"@type":"WebSite","@id":"https:\/\/hoytlavt.no\/trondheim\/#website","url":"https:\/\/hoytlavt.no\/trondheim\/","name":"H\u00f8yt &amp; Lavt Trondheim","description":"Norges nest st\u00f8rste klatrepark med hele 41 zipliner","publisher":{"@id":"https:\/\/hoytlavt.no\/trondheim\/#organization"},"potentialAction":[{"@type":"SearchAction","target":{"@type":"EntryPoint","urlTemplate":"https:\/\/hoytlavt.no\/trondheim\/?s={search_term_string}"},"query-input":{"@type":"PropertyValueSpecification","valueRequired":true,"valueName":"search_term_string"}}],"inLanguage":"nb-NO"},{"@type":"Organization","@id":"https:\/\/hoytlavt.no\/trondheim\/#organization","name":"H\u00f8yt &amp; Lavt Trondheim","url":"https:\/\/hoytlavt.no\/trondheim\/","logo":{"@type":"ImageObject","inLanguage":"nb-NO","@id":"https:\/\/hoytlavt.no\/trondheim\/#\/schema\/logo\/image\/","url":"https:\/\/hoytlavt.no\/trondheim\/wp-content\/uploads\/sites\/12\/sites\/12\/Trondheim - Bilder\/hl-logo-trd-trondheim-neg.svg","contentUrl":"https:\/\/hoytlavt.no\/trondheim\/wp-content\/uploads\/sites\/12\/sites\/12\/Trondheim - Bilder\/hl-logo-trd-trondheim-neg.svg","width":286,"height":96,"caption":"H\u00f8yt &amp; Lavt Trondheim"},"image":{"@id":"https:\/\/hoytlavt.no\/trondheim\/#\/schema\/logo\/image\/"}},{"@type":"Person","@id":"https:\/\/hoytlavt.no\/trondheim\/#\/schema\/person\/ff411b4444da38975477e63c2e3c4b20","name":"elintrondheim","image":{"@type":"ImageObject","inLanguage":"nb-NO","@id":"https:\/\/secure.gravatar.com\/avatar\/7b8b99a250693f119230bf7abe8f58103d5948d9d32007776ff4334009d6599d?s=96&d=mm&r=g","url":"https:\/\/secure.gravatar.com\/avatar\/7b8b99a250693f119230bf7abe8f58103d5948d9d32007776ff4334009d6599d?s=96&d=mm&r=g","contentUrl":"https:\/\/secure.gravatar.com\/avatar\/7b8b99a250693f119230bf7abe8f58103d5948d9d32007776ff4334009d6599d?s=96&d=mm&r=g","caption":"elintrondheim"},"sameAs":["https:\/\/www.instagram.com\/hansbakkelin\/"]}]}},"_links":{"self":[{"href":"https:\/\/hoytlavt.no\/trondheim\/wp-json\/wp\/v2\/posts\/1169","targetHints":{"allow":["GET"]}}],"collection":[{"href":"https:\/\/hoytlavt.no\/trondheim\/wp-json\/wp\/v2\/posts"}],"about":[{"href":"https:\/\/hoytlavt.no\/trondheim\/wp-json\/wp\/v2\/types\/post"}],"author":[{"embeddable":true,"href":"https:\/\/hoytlavt.no\/trondheim\/wp-json\/wp\/v2\/users\/7"}],"replies":[{"embeddable":true,"href":"https:\/\/hoytlavt.no\/trondheim\/wp-json\/wp\/v2\/comments?post=1169"}],"version-history":[{"count":23,"href":"https:\/\/hoytlavt.no\/trondheim\/wp-json\/wp\/v2\/posts\/1169\/revisions"}],"predecessor-version":[{"id":2269,"href":"https:\/\/hoytlavt.no\/trondheim\/wp-json\/wp\/v2\/posts\/1169\/revisions\/2269"}],"wp:featuredmedia":[{"embeddable":true,"href":"https:\/\/hoytlavt.no\/trondheim\/wp-json\/wp\/v2\/media\/1187"}],"wp:attachment":[{"href":"https:\/\/hoytlavt.no\/trondheim\/wp-json\/wp\/v2\/media?parent=1169"}],"wp:term":[{"taxonomy":"category","embeddable":true,"href":"https:\/\/hoytlavt.no\/trondheim\/wp-json\/wp\/v2\/categories?post=1169"},{"taxonomy":"post_tag","embeddable":true,"href":"https:\/\/hoytlavt.no\/trondheim\/wp-json\/wp\/v2\/tags?post=1169"}],"curies":[{"name":"wp","href":"https:\/\/api.w.org\/{rel}","templated":true}]}}